{"id":9574,"date":"2015-10-07T12:07:14","date_gmt":"2015-10-07T10:07:14","guid":{"rendered":"http:\/\/mono-2de-305"},"modified":"2015-10-07T12:07:14","modified_gmt":"2015-10-07T10:07:14","slug":"zusammensterreich-kinoabend-und-diskussion-beim-lets-cee-filmfestival","status":"publish","type":"post","link":"https:\/\/monochrom.at\/blog\/2015\/10\/07\/zusammensterreich-kinoabend-und-diskussion-beim-lets-cee-filmfestival\/","title":{"rendered":"ZUSAMMEN:&Ouml;STERREICH-Kinoabend und Diskussion beim LET&#039;S CEE Filmfestival"},"content":{"rendered":"<p><strong>monochroms G\u00fcnther Friesinger beim ZUSAMMEN:\u00d6STERREICH-Kinoabend und Diskussion beim LET\u2019S CEE Filmfestival<\/strong><\/p>\n<p>\u00d6sterreichischer Integrationsfonds (\u00d6IF) und Integrationsministerium laden zu Kinoabend \u201eIntegration trifft Kunst &#038; Kultur\u201c mit anschlie\u00dfender Podiumsdiskussion<\/p>\n<p>Bereits zum zweiten Mal ist der \u00d6sterreichische Integrationsfonds (\u00d6IF) Partner des LET\u2019S CEE Filmfestivals. Unter dem Motto &#8220;Integration trifft Kunst &#038; Kultur&#8221; findet am 7. Oktober um 18:30 Uhr im Wiener Urania-Kino ein exklusiver Kinoabend der Initiative ZUSAMMEN:\u00d6STERREICH und des Bundesministeriums f\u00fcr Europa, Integration und \u00c4u\u00dferes (BMEIA) statt. Gezeigt wird der kaukasische Kurzfilm &#8220;Not Today&#8221; der ukrainischen Jungregisseurin Christina Sivolap. Im Anschluss an den Film diskutieren die Regisseurin, der K\u00fcnstler G\u00fcnther Friesinger (monochrom) sowie Integrationsbotschafter\/innen der Initiative ZUSAMMEN:\u00d6STERREICH dar\u00fcber, welche Rolle Kunst und Kultur f\u00fcr eine erfolgreiche Integration einnehmen. Durch den Abend f\u00fchrt Schauspielerin und Integrationsbotschafterin Mercedes Echerer.<\/p>\n<p>Datum: Mittwoch, 7. Oktober 2015, 18:30 Uhr (Empfang und Kartenabholung: 18:00 Uhr)<br \/>Ort: Urania Kino, Uraniastra\u00dfe 1, 1010 Wien<br \/><a href=\"http:\/\/www.letsceefilmfestival.com\/film-detail2015\/items\/integration-trifft-kultur.html?lang=de\" target=\"_blank\">link<\/a><\/p>\n","protected":false},"excerpt":{"rendered":"<p>monochroms G\u00fcnther Friesinger beim ZUSAMMEN:\u00d6STERREICH-Kinoabend und Diskussion beim LET\u2019S CEE Filmfestival \u00d6sterreichischer Integrationsfonds (\u00d6IF) und Integrationsministerium laden zu Kinoabend \u201eIntegration trifft Kunst &#038; Kultur\u201c mit anschlie\u00dfender Podiumsdiskussion Bereits zum zweiten Mal ist der \u00d6sterreichische Integrationsfonds (\u00d6IF) Partner des LET\u2019S CEE Filmfestivals. Unter dem Motto &#8220;Integration trifft Kunst &#038; Kultur&#8221; findet am 7. Oktober um 18:30 &#8230; <a title=\"ZUSAMMEN:&Ouml;STERREICH-Kinoabend und Diskussion beim LET&#039;S CEE Filmfestival\" class=\"read-more\" href=\"https:\/\/monochrom.at\/blog\/2015\/10\/07\/zusammensterreich-kinoabend-und-diskussion-beim-lets-cee-filmfestival\/\">Read more<\/a><\/p>\n","protected":false},"author":1,"featured_media":0,"comment_status":"open","ping_status":"open","sticky":false,"template":"","format":"standard","meta":{"koromo_page_header":"","footnotes":""},"categories":[5],"tags":[],"class_list":["post-9574","post","type-post","status-publish","format-standard","hentry","category-deutsches-blog","koromo-columns","tablet-grid-50","mobile-grid-100","grid-parent","grid-50"],"_links":{"self":[{"href":"https:\/\/monochrom.at\/blog\/wp-json\/wp\/v2\/post\/9574","targetHints":{"allow":["GET"]}}],"collection":[{"href":"https:\/\/monochrom.at\/blog\/wp-json\/wp\/v2\/post"}],"about":[{"href":"https:\/\/monochrom.at\/blog\/wp-json\/wp\/v2\/types\/post"}],"author":[{"embeddable":true,"href":"https:\/\/monochrom.at\/blog\/wp-json\/wp\/v2\/users\/1"}],"replies":[{"embeddable":true,"href":"https:\/\/monochrom.at\/blog\/wp-json\/wp\/v2\/comments?post=9574"}],"version-history":[{"count":0,"href":"https:\/\/monochrom.at\/blog\/wp-json\/wp\/v2\/post\/9574\/revisions"}],"wp:attachment":[{"href":"https:\/\/monochrom.at\/blog\/wp-json\/wp\/v2\/media?parent=9574"}],"wp:term":[{"taxonomy":"category","embeddable":true,"href":"https:\/\/monochrom.at\/blog\/wp-json\/wp\/v2\/categories?post=9574"},{"taxonomy":"post_tag","embeddable":true,"href":"https:\/\/monochrom.at\/blog\/wp-json\/wp\/v2\/tags?post=9574"}],"curies":[{"name":"wp","href":"https:\/\/api.w.org\/{rel}","templated":true}]}}